{"id":7020,"date":"2025-03-03T13:17:41","date_gmt":"2025-03-03T12:17:41","guid":{"rendered":"https:\/\/www.projektakademien.se\/pa\/?p=7020"},"modified":"2025-03-03T13:23:39","modified_gmt":"2025-03-03T12:23:39","slug":"minnesord-sven-gunnarsson","status":"publish","type":"post","link":"https:\/\/www.projektakademien.se\/pa\/minnesord-sven-gunnarsson\/","title":{"rendered":"Minnesord Sven Gunnarsson"},"content":{"rendered":"\n<div class=\"wp-block-columns\">\n<div class=\"wp-block-column\">\n<p>Universitetslektor Sven Gunnarson, G\u00f6teborg, har avlidit efter en l\u00e4ngre tids sjukdom i en \u00e5lder av 75 \u00e5r. Han s\u00f6rjs n\u00e4rmast av hustrun Ulla och barnen David och Amanda med familjer. Sven Gunnarson v\u00e4xte upp i Broaryd i Sm\u00e5land. Han flyttade till G\u00f6teborg i samband med att han inledde studier p\u00e5 Chalmers. Efter studierna p\u00e5 linjen f\u00f6r V\u00e4g och Vatten fortsatte han med forskning och senare som fast anst\u00e4lld l\u00e4rare. Han var hela sitt yrkesliv knuten till institutionen f\u00f6r Byggnadsekonomi som sedermera omvandlades till avdelningen f\u00f6r Construction Management.<\/p>\n<\/div>\n\n\n\n<div class=\"wp-block-column\">\n<div class=\"wp-block-image\"><figure class=\"aligncenter size-large is-resized\"><a href=\"https:\/\/www.projektakademien.se\/pa\/wp-content\/uploads\/2012\/06\/S-Gunnarsson.jpg\"><img loading=\"lazy\" src=\"https:\/\/www.projektakademien.se\/pa\/wp-content\/uploads\/2012\/06\/S-Gunnarsson.jpg\" alt=\"\" class=\"wp-image-1524\" width=\"157\" height=\"205\"\/><\/a><\/figure><\/div>\n<\/div>\n<\/div>\n\n\n\n<p>Sven \u00e4gnade sin forskning \u00e5t projektledning med fokus p\u00e5 styrning av projekt och anv\u00e4ndning av formella metodiker f\u00f6r detta. Han hade en djup och nyanserad&nbsp;f\u00f6rst\u00e5else f\u00f6r organisationsteori och den mer speciella till\u00e4mpningen inom ledning av tempor\u00e4ra organisationer.<\/p>\n\n\n\n<p>Sven ansvarade f\u00f6r en omfattande undervisning inom stora delar av avdelningens \u00e4mnesomr\u00e5de men ocks\u00e5 h\u00e4r med fokus p\u00e5 projektledning. Han drev kurser inom flera av Chalmers masterprogram och deltog i utvecklingen och ledningen av masterprogrammet Design and Construction Project Management. Han genomf\u00f6rde uppdragsutbildning i f\u00f6retag och drev ett tv\u00e5\u00e5rigt halvtids fortbildningsprogram i projektledning f\u00f6r yrkesverksamma.<\/p>\n\n\n\n<p>Sven var en nydanare inom kvalificerad pedagogik och testade olika undervisningsmetoder som han bland annat plockat upp under en tid han tillbringade p\u00e5 Stanford, Kalifornien. M\u00e5nga av Svens kurser var projekt- eller praktikbaserade d\u00e4r syftet var att tillsammans med en eller flera kollegor \u00e5terskapa \u2019verkliga\u2019 scenarier f\u00f6r studenterna s\u00e5 att teori och praktik sammanv\u00e4vdes. Ett s\u00e5dant var ett tv\u00e5dagars rollspel \u2019levande projekt\u2019, vars l\u00e4rdomar m\u00e5nga f\u00f6re detta studenter kommer ih\u00e5g \u00e4n idag. Framf\u00f6r allt var han en engagerad l\u00e4rare som anv\u00e4nde mycket tid f\u00f6r att ge feedback till sina studenter.<\/p>\n\n\n\n<p>Sven invaldes i Svenska Projektakademien, ett s\u00e4llskap med ett antal framst\u00e5ende praktiker, konsulter och akademiker. Han deltog d\u00e4r i arbetet att st\u00e4rka kunskapen om projektledning i Sverige och hade ocks\u00e5 ett stort nordiskt och europeiskt n\u00e4tverk.<\/p>\n\n\n\n<p>Under de sista \u00e5ren f\u00f6re sin sjukdom var Sven avdelningschef f\u00f6r Construction Management. Som chef levde han som han l\u00e4rde: han var ink\u00e4nnande, lyssnande och delade med sig av sin visdom och kunnande. Hans kontorsd\u00f6rr var aldrig st\u00e4ngd. Det var alltid roligt att jobba med Sven oavsett om det var i klassrummet eller p\u00e5 ett avdelningsm\u00f6te. En l\u00e5ng tid efter att Sven blivit sjuk var det med ett stort vemod vi gick f\u00f6rbi hans st\u00e4ngda kontorsd\u00f6rr.<\/p>\n\n\n\n<p>Vi saknar honom mycket.&nbsp;<\/p>\n","protected":false},"excerpt":{"rendered":"<p>Universitetslektor Sven Gunnarson, G\u00f6teborg, har avlidit efter en l\u00e4ngre tids sjukdom i en \u00e5lder av 75 \u00e5r. Han s\u00f6rjs n\u00e4rmast av hustrun Ulla och barnen David och Amanda med familjer. Sven Gunnarson v\u00e4xte upp i Broaryd i Sm\u00e5land. Han flyttade till G\u00f6teborg i samband med att han inledde studier p\u00e5 Chalmers. Efter studierna p\u00e5 linjen [&hellip;]<\/p>\n","protected":false},"author":11,"featured_media":1524,"comment_status":"closed","ping_status":"open","sticky":false,"template":"","format":"standard","meta":{"ngg_post_thumbnail":0},"categories":[1],"tags":[],"_links":{"self":[{"href":"https:\/\/www.projektakademien.se\/pa\/wp-json\/wp\/v2\/posts\/7020"}],"collection":[{"href":"https:\/\/www.projektakademien.se\/pa\/wp-json\/wp\/v2\/posts"}],"about":[{"href":"https:\/\/www.projektakademien.se\/pa\/wp-json\/wp\/v2\/types\/post"}],"author":[{"embeddable":true,"href":"https:\/\/www.projektakademien.se\/pa\/wp-json\/wp\/v2\/users\/11"}],"replies":[{"embeddable":true,"href":"https:\/\/www.projektakademien.se\/pa\/wp-json\/wp\/v2\/comments?post=7020"}],"version-history":[{"count":3,"href":"https:\/\/www.projektakademien.se\/pa\/wp-json\/wp\/v2\/posts\/7020\/revisions"}],"predecessor-version":[{"id":7032,"href":"https:\/\/www.projektakademien.se\/pa\/wp-json\/wp\/v2\/posts\/7020\/revisions\/7032"}],"wp:featuredmedia":[{"embeddable":true,"href":"https:\/\/www.projektakademien.se\/pa\/wp-json\/wp\/v2\/media\/1524"}],"wp:attachment":[{"href":"https:\/\/www.projektakademien.se\/pa\/wp-json\/wp\/v2\/media?parent=7020"}],"wp:term":[{"taxonomy":"category","embeddable":true,"href":"https:\/\/www.projektakademien.se\/pa\/wp-json\/wp\/v2\/categories?post=7020"},{"taxonomy":"post_tag","embeddable":true,"href":"https:\/\/www.projektakademien.se\/pa\/wp-json\/wp\/v2\/tags?post=7020"}],"curies":[{"name":"wp","href":"https:\/\/api.w.org\/{rel}","templated":true}]}}