{"id":6858,"date":"2024-10-24T11:56:51","date_gmt":"2024-10-24T10:56:51","guid":{"rendered":"https:\/\/www.projektakademien.se\/pa\/?p=6858"},"modified":"2024-10-24T11:57:55","modified_gmt":"2024-10-24T10:57:55","slug":"finalisterna-for-utmarkelsen-arets-projektledare-2024-ar-utsedda","status":"publish","type":"post","link":"https:\/\/www.projektakademien.se\/pa\/finalisterna-for-utmarkelsen-arets-projektledare-2024-ar-utsedda\/","title":{"rendered":"Finalisterna f\u00f6r utm\u00e4rkelsen \u00c5rets projektledare 2024 \u00e4r utsedda!"},"content":{"rendered":"\n<figure class=\"wp-block-image size-large\"><a href=\"https:\/\/www.projektakademien.se\/pa\/wp-content\/uploads\/2024\/10\/Finalister.jpg\"><img loading=\"lazy\" width=\"478\" height=\"532\" src=\"https:\/\/www.projektakademien.se\/pa\/wp-content\/uploads\/2024\/10\/Finalister.jpg\" alt=\"\" class=\"wp-image-6873\" srcset=\"https:\/\/www.projektakademien.se\/pa\/wp-content\/uploads\/2024\/10\/Finalister.jpg 478w, https:\/\/www.projektakademien.se\/pa\/wp-content\/uploads\/2024\/10\/Finalister-270x300.jpg 270w\" sizes=\"(max-width: 478px) 100vw, 478px\" \/><\/a><\/figure>\n\n\n\n<p>Akademiens utskott f\u00f6r \u00c5rets projektledare arbetar kommande veckor med intervjuer och referenstagning innan det st\u00e5r klart vem som blir \u00e5rets vinnare.<\/p>\n\n\n\n<h1>Karin Karlsson<\/h1>\n\n\n\n<h2>Nominerad till \u00c5rets Projektledare f\u00f6r sin roll som projektledare f\u00f6r Malm\u00f6 stads v\u00e4rdskap vid Eurovision Song Contest i Malm\u00f6 2024<\/h2>\n\n\n\n<p>M\u00e5let med projektet var att skapa ett Eurovision Song Contest 2024 som skulle vara attraktivt och s\u00e4kert f\u00f6r b\u00e5de inv\u00e5nare och bes\u00f6kare fr\u00e5n hela v\u00e4rlden. I projektet ingick , f\u00f6rutom de officiella tv s\u00e4nda arrangemangen, att arrangera invignings- och avslutningsceremonier, publika stadsevenemang samt att hantera deltagande delegationer. Att tillsammans med ber\u00f6rda myndigheter s\u00e4kerst\u00e4lla trygghet och s\u00e4kerhet hade h\u00f6g prioritet. I projektet ingick ocks\u00e5 att vara v\u00e4rd f\u00f6r cirka 1600 tillresta journalister och att hantera en volont\u00e4rorganisation p\u00e5 drygt 600 personer. S\u00e4kerhetsarbetet var rigor\u00f6st, projektet var komplext &nbsp;och genomf\u00f6rdes under stor press p\u00e5 grund av r\u00e5dande internationella konflikter.<\/p>\n\n\n\n<p>Framg\u00e5ngsfaktorn f\u00f6r projektet var Karins erfarenhet som projektledare. Hennes ledarskap utg\u00e5r fr\u00e5n en demokratisk v\u00e4rdegrund och utm\u00e4rks bland annat av hennes f\u00f6rm\u00e5ga att samverka med intressenter och att bygga trygga team. Hennes kommunikativa f\u00f6rm\u00e5ga hade stor betydelse i projektet, i synnerhet i de situationer som uppstod p\u00e5 grund av st\u00e4ndiga omv\u00e4rldsf\u00f6r\u00e4ndringar.<\/p>\n\n\n\n<h1>Jill Sigrell och Lovisa Littbrand<\/h1>\n\n\n\n<h2>Nominerade till \u00c5rets Projektledare f\u00f6r sina roller som projektledare f\u00f6r Projekt \u201cPlexus\u201d ett omfattande produktutvecklingsprojekt inom Life science<\/h2>\n\n\n\n<p>M\u00e5let med projekt \u201dPlexus\u201d var att utveckla en h\u00f6gkapacitetsl\u00f6sning inom proteomik som m\u00f6jligg\u00f6r m\u00e4tning av ett stort antal proteiner med endast ett litet blodprov. Tekniken \u00e4r utformad f\u00f6r storskalig uppt\u00e4ckt av proteinbiomark\u00f6rer, vilket ger djupare insikter om sjukdomar p\u00e5 proteinniv\u00e5 och kan bidra till uppt\u00e4ckten av framtida l\u00e4kemedel. Projektet var ett omfattande Life science produktutvecklingsprojekt som p\u00e5gick under cirka 2,5 \u00e5r.<\/p>\n\n\n\n<p>Projektet uppn\u00e5dde projektm\u00e5len inom de uppsatta tidsramarna. Framg\u00e5ngsfaktorn var Jill och Lovisas f\u00f6rm\u00e5ga att samarbeta med olika avdelningar och discipliner. De skapade en stark teamk\u00e4nsla och en \u201dwe do it together\u201d-anda, vilket m\u00e4rktes p\u00e5 projektarbetets struktur och effektivitet. Projektledarnas f\u00f6rm\u00e5ga att anpassa sig och hitta nya strategier under press var avg\u00f6rande f\u00f6r projektets framg\u00e5ng. Dessutom visade de stort engagemang, vilket skapade inte bara trivsel bland projektmedlemmarna och ocks\u00e5 ett lugn och f\u00f6rtroende hos styrgrupp och h\u00f6gsta ledning.<\/p>\n\n\n\n<h1>Jenny Palom\u00e4ki<\/h1>\n\n\n\n<h2>Nominerad till \u00c5rets Projektledare f\u00f6r sin roll som projektledare f\u00f6r \u00e5terst\u00e4llandet av Malmbanan efter ursp\u00e5rningarna vintern 23-24<\/h2>\n\n\n\n<p>M\u00e5let med projektet var att \u00e5terst\u00e4lla Malmbanan efter ursp\u00e5rningarna som intr\u00e4ffade vintern 2023-2024. Banan str\u00e4cker genom arktisk terr\u00e4ng som&nbsp;vintertid kan inneb\u00e4ra&nbsp;stora sn\u00f6m\u00e4ngder och kraftiga sn\u00f6stormar, och de \u00e5tg\u00e4rder som kr\u00e4vdes har aldrig tidigare genomf\u00f6rts under vintertid. Projektet resulterade i&nbsp;att banan kunde \u00e5ter\u00f6ppnas med restriktioner redan under vintern 2024 och \u00e5terst\u00e4llas till normenligt standard under f\u00f6rsommaren. Detta innebar att all trafik kunde \u00e5terupptas den 18\/6 . Parallellt med \u00e5terst\u00e4llningen av ursp\u00e5rningen har projektledaren&nbsp;ocks\u00e5 &nbsp;ansvarat f\u00f6r uppr\u00e4tth\u00e5llande av banans basunderh\u00e5ll, inom ramen f\u00f6r ordinarie k\u00e4rnverksamhet.<\/p>\n\n\n\n<p>En framg\u00e5ngsfaktor f\u00f6r projektet har varit Jennys ledarskap som gjort att projektgruppen orkat h\u00e5lla ihop som ett starkt team. Hon har lyckats skapa arbetsgl\u00e4dje och mod n\u00e4r hon navigerat mellan krisen och ordinarie uppdrag. Hon har styrt och f\u00f6rdelat arbetet tydligt samtidigt som s\u00e4kerheten f\u00f6r de medarbetare som genomf\u00f6rt arbetet kunnat uppr\u00e4tth\u00e5llas. Jenny har ocks\u00e5 skapat en milj\u00f6 som uppmuntrade projektdeltagarna att f\u00f6resl\u00e5 och kontinuerligt testa olika tekniskt innovativa metoder f\u00f6r att bedriva \u00e5terst\u00e4llningsarbetet s\u00e5 snabbt och effektivt som m\u00f6jligt d\u00e5 det funnits en stor press fr\u00e5n intressenter att f\u00e5 ig\u00e5ng verksamheten.<\/p>\n\n\n\n<p>.<\/p>\n","protected":false},"excerpt":{"rendered":"<p>Akademiens utskott f\u00f6r \u00c5rets projektledare arbetar kommande veckor med intervjuer och referenstagning innan det st\u00e5r klart vem som blir \u00e5rets vinnare. Karin Karlsson Nominerad till \u00c5rets Projektledare f\u00f6r sin roll som projektledare f\u00f6r Malm\u00f6 stads v\u00e4rdskap vid Eurovision Song Contest i Malm\u00f6 2024 M\u00e5let med projektet var att skapa ett Eurovision Song Contest 2024 som [&hellip;]<\/p>\n","protected":false},"author":11,"featured_media":0,"comment_status":"closed","ping_status":"open","sticky":false,"template":"","format":"standard","meta":{"ngg_post_thumbnail":0},"categories":[1],"tags":[],"_links":{"self":[{"href":"https:\/\/www.projektakademien.se\/pa\/wp-json\/wp\/v2\/posts\/6858"}],"collection":[{"href":"https:\/\/www.projektakademien.se\/pa\/wp-json\/wp\/v2\/posts"}],"about":[{"href":"https:\/\/www.projektakademien.se\/pa\/wp-json\/wp\/v2\/types\/post"}],"author":[{"embeddable":true,"href":"https:\/\/www.projektakademien.se\/pa\/wp-json\/wp\/v2\/users\/11"}],"replies":[{"embeddable":true,"href":"https:\/\/www.projektakademien.se\/pa\/wp-json\/wp\/v2\/comments?post=6858"}],"version-history":[{"count":6,"href":"https:\/\/www.projektakademien.se\/pa\/wp-json\/wp\/v2\/posts\/6858\/revisions"}],"predecessor-version":[{"id":6879,"href":"https:\/\/www.projektakademien.se\/pa\/wp-json\/wp\/v2\/posts\/6858\/revisions\/6879"}],"wp:attachment":[{"href":"https:\/\/www.projektakademien.se\/pa\/wp-json\/wp\/v2\/media?parent=6858"}],"wp:term":[{"taxonomy":"category","embeddable":true,"href":"https:\/\/www.projektakademien.se\/pa\/wp-json\/wp\/v2\/categories?post=6858"},{"taxonomy":"post_tag","embeddable":true,"href":"https:\/\/www.projektakademien.se\/pa\/wp-json\/wp\/v2\/tags?post=6858"}],"curies":[{"name":"wp","href":"https:\/\/api.w.org\/{rel}","templated":true}]}}