{"id":5166,"date":"2021-08-29T06:22:25","date_gmt":"2021-08-29T05:22:25","guid":{"rendered":"https:\/\/www.projektakademien.se\/pa\/?p=5166"},"modified":"2021-08-29T06:30:27","modified_gmt":"2021-08-29T05:30:27","slug":"arets-uppsatsvinnare-2021","status":"publish","type":"post","link":"https:\/\/www.projektakademien.se\/pa\/arets-uppsatsvinnare-2021\/","title":{"rendered":"Intervju med vinnarna av \u00c5rets uppsats 2021"},"content":{"rendered":"\n<p>Enkla visualiseringar \u00e4r mycket popul\u00e4ra inom projektomr\u00e5det f\u00f6r att f\u00e5 en snabb \u00f6verblick och f\u00f6r att driva arbetet fram\u00e5t i sm\u00e5 steg men vilka \u00e4r egentligen effekterna av detta?<\/p>\n\n\n\n<p>Marcus Ekstr\u00f6m och Lovisa Hammarlund har tittat p\u00e5 detta i Masteruppsatsen \u201dEffekterna av visuell projektledning p\u00e5 effektivitet och innovation i produktutveckling\u201d som vann Svenska Projektakademiens uppsatspris.<\/p>\n\n\n\n<p>H\u00e4r \u00e4r en video d\u00e4r Marcus och Lovisa kort redog\u00f6r f\u00f6r vad de studerat och vilka resultat de kom fram till, f\u00f6ljd av en dialog kring arbetet med Wenells Mats Ragnarsson.<\/p>\n\n\n\n<figure class=\"wp-block-embed is-type-video is-provider-youtube wp-block-embed-youtube wp-embed-aspect-16-9 wp-has-aspect-ratio\"><div class=\"wp-block-embed__wrapper\">\n<iframe loading=\"lazy\" title=\"Vinnare av Svenska Projektakademiens uppsatspris 2021\" width=\"1140\" height=\"641\" src=\"https:\/\/www.youtube.com\/embed\/1edLr3WAY3I?feature=oembed\" frameborder=\"0\" allow=\"accelerometer; autoplay; clipboard-write; encrypted-media; gyroscope; picture-in-picture\" allowfullscreen><\/iframe>\n<\/div><\/figure>\n\n\n\n<p>H\u00e4r kan ni l\u00e4sa om Svenska Projektakademiens motivering till priset:<br><a href=\"https:\/\/www.projektakademien.se\/pa\/uppsatspriset-2021-vinnarna\/\">https:\/\/www.projektakademien.se\/pa\/uppsatspriset-2021-vinnarna\/<\/a><\/p>\n\n\n\n<p>H\u00e4r kan ni l\u00e4sa uppsatsen i sin helhet:<\/p>\n\n\n\n<p><a href=\"https:\/\/wwwwenellse.cdn.triggerfish.cloud\/uploads\/2021\/06\/visuell-projektledning-lovisa-hammarlund-och-marcus-ekstrom.pdf\">Klicka h\u00e4r f\u00f6r att l\u00e4sa uppsatsen.<\/a><\/p>\n","protected":false},"excerpt":{"rendered":"<p>Enkla visualiseringar \u00e4r mycket popul\u00e4ra inom projektomr\u00e5det f\u00f6r att f\u00e5 en snabb \u00f6verblick och f\u00f6r att driva arbetet fram\u00e5t i sm\u00e5 steg men vilka \u00e4r egentligen effekterna av detta? Marcus Ekstr\u00f6m och Lovisa Hammarlund har tittat p\u00e5 detta i Masteruppsatsen \u201dEffekterna av visuell projektledning p\u00e5 effektivitet och innovation i produktutveckling\u201d som vann Svenska Projektakademiens uppsatspris. [&hellip;]<\/p>\n","protected":false},"author":11,"featured_media":5144,"comment_status":"closed","ping_status":"open","sticky":false,"template":"","format":"standard","meta":{"ngg_post_thumbnail":0},"categories":[1],"tags":[],"_links":{"self":[{"href":"https:\/\/www.projektakademien.se\/pa\/wp-json\/wp\/v2\/posts\/5166"}],"collection":[{"href":"https:\/\/www.projektakademien.se\/pa\/wp-json\/wp\/v2\/posts"}],"about":[{"href":"https:\/\/www.projektakademien.se\/pa\/wp-json\/wp\/v2\/types\/post"}],"author":[{"embeddable":true,"href":"https:\/\/www.projektakademien.se\/pa\/wp-json\/wp\/v2\/users\/11"}],"replies":[{"embeddable":true,"href":"https:\/\/www.projektakademien.se\/pa\/wp-json\/wp\/v2\/comments?post=5166"}],"version-history":[{"count":4,"href":"https:\/\/www.projektakademien.se\/pa\/wp-json\/wp\/v2\/posts\/5166\/revisions"}],"predecessor-version":[{"id":5186,"href":"https:\/\/www.projektakademien.se\/pa\/wp-json\/wp\/v2\/posts\/5166\/revisions\/5186"}],"wp:featuredmedia":[{"embeddable":true,"href":"https:\/\/www.projektakademien.se\/pa\/wp-json\/wp\/v2\/media\/5144"}],"wp:attachment":[{"href":"https:\/\/www.projektakademien.se\/pa\/wp-json\/wp\/v2\/media?parent=5166"}],"wp:term":[{"taxonomy":"category","embeddable":true,"href":"https:\/\/www.projektakademien.se\/pa\/wp-json\/wp\/v2\/categories?post=5166"},{"taxonomy":"post_tag","embeddable":true,"href":"https:\/\/www.projektakademien.se\/pa\/wp-json\/wp\/v2\/tags?post=5166"}],"curies":[{"name":"wp","href":"https:\/\/api.w.org\/{rel}","templated":true}]}}