{"id":4186,"date":"2020-01-19T08:06:14","date_gmt":"2020-01-19T07:06:14","guid":{"rendered":"http:\/\/www.projektakademien.se\/pa\/?p=4186"},"modified":"2020-01-19T15:19:15","modified_gmt":"2020-01-19T14:19:15","slug":"projektakademiens-uppstatspris","status":"publish","type":"post","link":"https:\/\/www.projektakademien.se\/pa\/projektakademiens-uppstatspris\/","title":{"rendered":"Sista chansen, ProjektAkademiens uppstatspris"},"content":{"rendered":"\n<p>Det \u00e4r nu sista chansen att ans\u00f6ka om Svenska ProjektAkademiens uppsatspris. Uppsatser som godk\u00e4nts eller kommer att godk\u00e4nnas vid svenskt l\u00e4ros\u00e4te under 2019 eller januari 2020. Uppsatserna bed\u00f6ms av en jury best\u00e5ende av representanter fr\u00e5n b\u00e5de n\u00e4ringsliv och h\u00f6gskolor\/universitet som finns representerade i akademien. Uppsatsf\u00f6rfattarna eller deras handledare skickar sj\u00e4lva in sina godk\u00e4nda uppsatser till professor Johann Packendorff vid Kungl Tekniska H\u00f6gskolan som ocks\u00e5 \u00e4r juryns sammankallande (<a rel=\"noreferrer noopener\" href=\"mailto:johann@kth.se)\" target=\"_blank\">johann@kth.se)<\/a> senast den 31\/1 2020. <a href=\"http:\/\/www.projektakademien.se\/pa\/utmarkelser\/uppsatstavling\/om-uppsatstavlingen\/\">L\u00e4s mer.<\/a><\/p>\n","protected":false},"excerpt":{"rendered":"<p>Det \u00e4r nu sista chansen att ans\u00f6ka om Svenska ProjektAkademiens uppsatspris. Uppsatser som godk\u00e4nts eller kommer att godk\u00e4nnas vid svenskt l\u00e4ros\u00e4te under 2019 eller januari 2020. Uppsatserna bed\u00f6ms av en jury best\u00e5ende av representanter fr\u00e5n b\u00e5de n\u00e4ringsliv och h\u00f6gskolor\/universitet som finns representerade i akademien. Uppsatsf\u00f6rfattarna eller deras handledare skickar sj\u00e4lva in sina godk\u00e4nda uppsatser till [&hellip;]<\/p>\n","protected":false},"author":11,"featured_media":3630,"comment_status":"closed","ping_status":"open","sticky":false,"template":"","format":"standard","meta":{"ngg_post_thumbnail":0},"categories":[1],"tags":[],"_links":{"self":[{"href":"https:\/\/www.projektakademien.se\/pa\/wp-json\/wp\/v2\/posts\/4186"}],"collection":[{"href":"https:\/\/www.projektakademien.se\/pa\/wp-json\/wp\/v2\/posts"}],"about":[{"href":"https:\/\/www.projektakademien.se\/pa\/wp-json\/wp\/v2\/types\/post"}],"author":[{"embeddable":true,"href":"https:\/\/www.projektakademien.se\/pa\/wp-json\/wp\/v2\/users\/11"}],"replies":[{"embeddable":true,"href":"https:\/\/www.projektakademien.se\/pa\/wp-json\/wp\/v2\/comments?post=4186"}],"version-history":[{"count":3,"href":"https:\/\/www.projektakademien.se\/pa\/wp-json\/wp\/v2\/posts\/4186\/revisions"}],"predecessor-version":[{"id":4189,"href":"https:\/\/www.projektakademien.se\/pa\/wp-json\/wp\/v2\/posts\/4186\/revisions\/4189"}],"wp:featuredmedia":[{"embeddable":true,"href":"https:\/\/www.projektakademien.se\/pa\/wp-json\/wp\/v2\/media\/3630"}],"wp:attachment":[{"href":"https:\/\/www.projektakademien.se\/pa\/wp-json\/wp\/v2\/media?parent=4186"}],"wp:term":[{"taxonomy":"category","embeddable":true,"href":"https:\/\/www.projektakademien.se\/pa\/wp-json\/wp\/v2\/categories?post=4186"},{"taxonomy":"post_tag","embeddable":true,"href":"https:\/\/www.projektakademien.se\/pa\/wp-json\/wp\/v2\/tags?post=4186"}],"curies":[{"name":"wp","href":"https:\/\/api.w.org\/{rel}","templated":true}]}}