{"id":4180,"date":"2019-11-19T08:31:29","date_gmt":"2019-11-19T07:31:29","guid":{"rendered":"http:\/\/www.projektakademien.se\/pa\/?p=4180"},"modified":"2019-11-19T08:35:54","modified_gmt":"2019-11-19T07:35:54","slug":"arets-projektledare-ar-utsedd","status":"publish","type":"post","link":"https:\/\/www.projektakademien.se\/pa\/arets-projektledare-ar-utsedd\/","title":{"rendered":"\u00c5rets projektledare \u00e4r utsedd!"},"content":{"rendered":"\n<figure class=\"wp-block-image\"><img loading=\"lazy\" width=\"1600\" height=\"1200\" src=\"http:\/\/www.projektakademien.se\/pa\/wp-content\/uploads\/2019\/11\/dsc_5669_72dpi_1600px.jpg\" alt=\"\" class=\"wp-image-4179\" srcset=\"https:\/\/www.projektakademien.se\/pa\/wp-content\/uploads\/2019\/11\/dsc_5669_72dpi_1600px.jpg 1600w, https:\/\/www.projektakademien.se\/pa\/wp-content\/uploads\/2019\/11\/dsc_5669_72dpi_1600px-300x225.jpg 300w, https:\/\/www.projektakademien.se\/pa\/wp-content\/uploads\/2019\/11\/dsc_5669_72dpi_1600px-768x576.jpg 768w, https:\/\/www.projektakademien.se\/pa\/wp-content\/uploads\/2019\/11\/dsc_5669_72dpi_1600px-1024x768.jpg 1024w, https:\/\/www.projektakademien.se\/pa\/wp-content\/uploads\/2019\/11\/dsc_5669_72dpi_1600px-1140x855.jpg 1140w, https:\/\/www.projektakademien.se\/pa\/wp-content\/uploads\/2019\/11\/dsc_5669_72dpi_1600px-570x428.jpg 570w, https:\/\/www.projektakademien.se\/pa\/wp-content\/uploads\/2019\/11\/dsc_5669_72dpi_1600px-380x285.jpg 380w, https:\/\/www.projektakademien.se\/pa\/wp-content\/uploads\/2019\/11\/dsc_5669_72dpi_1600px-285x214.jpg 285w\" sizes=\"(max-width: 1600px) 100vw, 1600px\" \/><figcaption>Vinnaren Ingela Ekebro. Foto: Bosse Hedman<\/figcaption><\/figure>\n\n\n\n<p>\u00c5rets Projektledare \u00e4r utsedd! Vinnaren heter Ingela Ekebro och presenterades p\u00e5 Projektn\u00e4ring den 15 November. <\/p>\n\n\n\n<p>Projekt Helios var ett \u00e5tta-miljarders projekt f\u00f6r att bygga en ny massafabrik i Timr\u00e5. Det bestod av totalt 13 delprojekt, varav 9 f\u00f6r sj\u00e4lva anl\u00e4ggningen och 4 f\u00f6r marknad, kvalitet, vedf\u00f6rs\u00f6rjning och verksamhetstillst\u00e5nd. Projektledningsgruppen bestod av ca 150 personer varav ca 40 fr\u00e5n SCA. Ingela var ytterst ansvarig fr\u00e5n f\u00f6rstudien, som startade 2014, till genomf\u00f6rt projekt och uppstart 2018. Projektet lyckades leverera p\u00e5 tidplan, inom budget, utan allvarliga olyckor och uppstartakurvan f\u00f6ljs.<\/p>\n","protected":false},"excerpt":{"rendered":"<p>\u00c5rets Projektledare \u00e4r utsedd! Vinnaren heter Ingela Ekebro och presenterades p\u00e5 Projektn\u00e4ring den 15 November. Projekt Helios var ett \u00e5tta-miljarders projekt f\u00f6r att bygga en ny massafabrik i Timr\u00e5. Det bestod av totalt 13 delprojekt, varav 9 f\u00f6r sj\u00e4lva anl\u00e4ggningen och 4 f\u00f6r marknad, kvalitet, vedf\u00f6rs\u00f6rjning och verksamhetstillst\u00e5nd. Projektledningsgruppen bestod av ca 150 personer varav [&hellip;]<\/p>\n","protected":false},"author":11,"featured_media":0,"comment_status":"closed","ping_status":"open","sticky":false,"template":"","format":"standard","meta":{"ngg_post_thumbnail":0},"categories":[1],"tags":[],"_links":{"self":[{"href":"https:\/\/www.projektakademien.se\/pa\/wp-json\/wp\/v2\/posts\/4180"}],"collection":[{"href":"https:\/\/www.projektakademien.se\/pa\/wp-json\/wp\/v2\/posts"}],"about":[{"href":"https:\/\/www.projektakademien.se\/pa\/wp-json\/wp\/v2\/types\/post"}],"author":[{"embeddable":true,"href":"https:\/\/www.projektakademien.se\/pa\/wp-json\/wp\/v2\/users\/11"}],"replies":[{"embeddable":true,"href":"https:\/\/www.projektakademien.se\/pa\/wp-json\/wp\/v2\/comments?post=4180"}],"version-history":[{"count":3,"href":"https:\/\/www.projektakademien.se\/pa\/wp-json\/wp\/v2\/posts\/4180\/revisions"}],"predecessor-version":[{"id":4183,"href":"https:\/\/www.projektakademien.se\/pa\/wp-json\/wp\/v2\/posts\/4180\/revisions\/4183"}],"wp:attachment":[{"href":"https:\/\/www.projektakademien.se\/pa\/wp-json\/wp\/v2\/media?parent=4180"}],"wp:term":[{"taxonomy":"category","embeddable":true,"href":"https:\/\/www.projektakademien.se\/pa\/wp-json\/wp\/v2\/categories?post=4180"},{"taxonomy":"post_tag","embeddable":true,"href":"https:\/\/www.projektakademien.se\/pa\/wp-json\/wp\/v2\/tags?post=4180"}],"curies":[{"name":"wp","href":"https:\/\/api.w.org\/{rel}","templated":true}]}}