{"id":4133,"date":"2019-10-17T12:24:00","date_gmt":"2019-10-17T11:24:00","guid":{"rendered":"http:\/\/www.projektakademien.se\/pa\/?p=4133"},"modified":"2019-10-24T07:17:10","modified_gmt":"2019-10-24T06:17:10","slug":"finalist-2-arets-projektledare-2019","status":"publish","type":"post","link":"https:\/\/www.projektakademien.se\/pa\/finalist-2-arets-projektledare-2019\/","title":{"rendered":"Finalist 2 \u2013 \u00c5rets projektledare 2019"},"content":{"rendered":"\n<div class=\"wp-block-image\"><figure class=\"aligncenter\"><img loading=\"lazy\" width=\"1600\" height=\"1200\" src=\"http:\/\/www.projektakademien.se\/pa\/wp-content\/uploads\/2019\/10\/img_3542.jpg\" alt=\"\" class=\"wp-image-4145\" srcset=\"https:\/\/www.projektakademien.se\/pa\/wp-content\/uploads\/2019\/10\/img_3542.jpg 1600w, https:\/\/www.projektakademien.se\/pa\/wp-content\/uploads\/2019\/10\/img_3542-300x225.jpg 300w, https:\/\/www.projektakademien.se\/pa\/wp-content\/uploads\/2019\/10\/img_3542-768x576.jpg 768w, https:\/\/www.projektakademien.se\/pa\/wp-content\/uploads\/2019\/10\/img_3542-1024x768.jpg 1024w, https:\/\/www.projektakademien.se\/pa\/wp-content\/uploads\/2019\/10\/img_3542-1140x855.jpg 1140w, https:\/\/www.projektakademien.se\/pa\/wp-content\/uploads\/2019\/10\/img_3542-570x428.jpg 570w, https:\/\/www.projektakademien.se\/pa\/wp-content\/uploads\/2019\/10\/img_3542-380x285.jpg 380w, https:\/\/www.projektakademien.se\/pa\/wp-content\/uploads\/2019\/10\/img_3542-285x214.jpg 285w\" sizes=\"(max-width: 1600px) 100vw, 1600px\" \/><figcaption>Ingela Ekebro, projekt: Helios, SCA <\/figcaption><\/figure><\/div>\n\n\n\n<p> I h\u00f6st kommer \u00c5rets Projektledare att utses. Vinnaren kommer att presenteras p\u00e5 Projektn\u00e4ring den 15 November.&nbsp;<strong>Ingela Ekebro<\/strong>&nbsp;\u00e4r en av finalisterna. Projekt Helios var ett \u00e5tta-miljarders projekt f\u00f6r att bygga en ny massafabrik i Timr\u00e5. Det bestod av totalt 13 delprojekt, varav 9 f\u00f6r sj\u00e4lva anl\u00e4ggningen och 4 f\u00f6r marknad, kvalitet, vedf\u00f6rs\u00f6rjning och verksamhetstillst\u00e5nd. Projektledningsgruppen bestod av ca 150 personer varav ca 40 fr\u00e5n SCA. Ingela var ytterst ansvarig fr\u00e5n f\u00f6rstudien, som startade 2014, till genomf\u00f6rt projekt och uppstart 2018. Projektet lyckades leverera p\u00e5 tidplan, inom budget, utan allvarliga olyckor och uppstartakurvan f\u00f6ljs.<\/p>\n\n\n\n<p>Att\ndriva 9 stora delprojekt parallellt, med tidspress, d\u00e4r alla beror av varandra\np\u00e5 n\u00e5got s\u00e4tt, mitt i en anl\u00e4ggning som snurrar och g\u00e5r, utan att st\u00f6ra\nvarandra, har st\u00e4llt stora krav p\u00e5 planering, samordning och kommunikation. Projektet\nhar f\u00f6ljt framdriften i s\u00e5 kallade ABCD-m\u00f6ten, ett Lean-koncept som fungerat\nutm\u00e4rkt. Inte n\u00e5gon g\u00e5ng under projektets alla \u00e5r h\u00f6rdes n\u00e5gon av delprojektledarna\ns\u00e4ga att de inte haft information om \u00f6vriga delprojektet. Som komplement till\ndetta anordnades projektsamlingar med alla 150 i projektledningen ett par\ng\u00e5nger om \u00e5ret f\u00f6r att informera om l\u00e4get, ge uppmuntran och ha lite trevligt\nocks\u00e5.<\/p>\n\n\n\n<p>De lade stor vikt vid att s\u00e4tta m\u00e5lfokus och bygga teamet \u00e4nda fr\u00e5n f\u00f6rstudien. Uttryck som: \u201dDet \u00e4r inte om vi lyckas, utan hur\u201d; \u201dvi lyckas tillsammans, vi hj\u00e4lper varandra\u201d; \u201ddet \u00e4r inte om problem uppst\u00e5r utan hur vi l\u00f6ser dem\u201d var centrala. Spelregler togs fram f\u00f6r hur de skulle s\u00e4kra ett lyckat resultat som \u00e4ven leverant\u00f6rerna fick skriva p\u00e5. Ledarutbildning genomf\u00f6rdes i f\u00f6rprojektet f\u00f6r samtliga delprojektledare, funktionsansvariga och processingenj\u00f6rer. Projektledarhantverket beh\u00e4rskade de, fokus var p\u00e5 att st\u00e4rka upp ledarrollerna och samtidigt skapa en gemensam plattform f\u00f6r hur projektet skulle drivas.<\/p>\n\n\n\n<p>Dessutom\nst\u00f6rdes fabriken minimalt tack vare gott samarbete med den lokala\nfabriksorganisationen. Stor m\u00f6da lades p\u00e5 standardiserade rutiner och processer\nf\u00f6r t.ex. tidplaner, best\u00e4llningar, kostnadsuppf\u00f6ljning och prognos f\u00f6r att bli\nb\u00e4ttre p\u00e5 att styra i farten. Med en bra plan \u00e4r det mycket l\u00e4ttare att planera\nom i fall det skulle beh\u00f6vas.<\/p>\n","protected":false},"excerpt":{"rendered":"<p>I h\u00f6st kommer \u00c5rets Projektledare att utses. Vinnaren kommer att presenteras p\u00e5 Projektn\u00e4ring den 15 November.&nbsp;Ingela Ekebro&nbsp;\u00e4r en av finalisterna. Projekt Helios var ett \u00e5tta-miljarders projekt f\u00f6r att bygga en ny massafabrik i Timr\u00e5. Det bestod av totalt 13 delprojekt, varav 9 f\u00f6r sj\u00e4lva anl\u00e4ggningen och 4 f\u00f6r marknad, kvalitet, vedf\u00f6rs\u00f6rjning och verksamhetstillst\u00e5nd. Projektledningsgruppen bestod [&hellip;]<\/p>\n","protected":false},"author":11,"featured_media":4156,"comment_status":"closed","ping_status":"open","sticky":false,"template":"","format":"standard","meta":{"ngg_post_thumbnail":0},"categories":[1],"tags":[],"_links":{"self":[{"href":"https:\/\/www.projektakademien.se\/pa\/wp-json\/wp\/v2\/posts\/4133"}],"collection":[{"href":"https:\/\/www.projektakademien.se\/pa\/wp-json\/wp\/v2\/posts"}],"about":[{"href":"https:\/\/www.projektakademien.se\/pa\/wp-json\/wp\/v2\/types\/post"}],"author":[{"embeddable":true,"href":"https:\/\/www.projektakademien.se\/pa\/wp-json\/wp\/v2\/users\/11"}],"replies":[{"embeddable":true,"href":"https:\/\/www.projektakademien.se\/pa\/wp-json\/wp\/v2\/comments?post=4133"}],"version-history":[{"count":7,"href":"https:\/\/www.projektakademien.se\/pa\/wp-json\/wp\/v2\/posts\/4133\/revisions"}],"predecessor-version":[{"id":4146,"href":"https:\/\/www.projektakademien.se\/pa\/wp-json\/wp\/v2\/posts\/4133\/revisions\/4146"}],"wp:featuredmedia":[{"embeddable":true,"href":"https:\/\/www.projektakademien.se\/pa\/wp-json\/wp\/v2\/media\/4156"}],"wp:attachment":[{"href":"https:\/\/www.projektakademien.se\/pa\/wp-json\/wp\/v2\/media?parent=4133"}],"wp:term":[{"taxonomy":"category","embeddable":true,"href":"https:\/\/www.projektakademien.se\/pa\/wp-json\/wp\/v2\/categories?post=4133"},{"taxonomy":"post_tag","embeddable":true,"href":"https:\/\/www.projektakademien.se\/pa\/wp-json\/wp\/v2\/tags?post=4133"}],"curies":[{"name":"wp","href":"https:\/\/api.w.org\/{rel}","templated":true}]}}