{"id":4122,"date":"2019-10-17T11:01:38","date_gmt":"2019-10-17T10:01:38","guid":{"rendered":"http:\/\/www.projektakademien.se\/pa\/?p=4122"},"modified":"2019-10-17T12:26:37","modified_gmt":"2019-10-17T11:26:37","slug":"arets-projektledare-finalister-3","status":"publish","type":"post","link":"https:\/\/www.projektakademien.se\/pa\/arets-projektledare-finalister-3\/","title":{"rendered":"Finalist 1 \u2013 \u00c5rets projektledare 2019"},"content":{"rendered":"\n<figure class=\"wp-block-image\"><img loading=\"lazy\" width=\"1024\" height=\"771\" src=\"http:\/\/www.projektakademien.se\/pa\/wp-content\/uploads\/2019\/10\/DSC_5156_Jan_Clausen_1600px_72dpi-1024x771.jpg\" alt=\"\" class=\"wp-image-4123\" srcset=\"https:\/\/www.projektakademien.se\/pa\/wp-content\/uploads\/2019\/10\/DSC_5156_Jan_Clausen_1600px_72dpi-1024x771.jpg 1024w, https:\/\/www.projektakademien.se\/pa\/wp-content\/uploads\/2019\/10\/DSC_5156_Jan_Clausen_1600px_72dpi-300x226.jpg 300w, https:\/\/www.projektakademien.se\/pa\/wp-content\/uploads\/2019\/10\/DSC_5156_Jan_Clausen_1600px_72dpi-768x578.jpg 768w, https:\/\/www.projektakademien.se\/pa\/wp-content\/uploads\/2019\/10\/DSC_5156_Jan_Clausen_1600px_72dpi-570x428.jpg 570w, https:\/\/www.projektakademien.se\/pa\/wp-content\/uploads\/2019\/10\/DSC_5156_Jan_Clausen_1600px_72dpi-380x285.jpg 380w, https:\/\/www.projektakademien.se\/pa\/wp-content\/uploads\/2019\/10\/DSC_5156_Jan_Clausen_1600px_72dpi-285x214.jpg 285w, https:\/\/www.projektakademien.se\/pa\/wp-content\/uploads\/2019\/10\/DSC_5156_Jan_Clausen_1600px_72dpi.jpg 1600w\" sizes=\"(max-width: 1024px) 100vw, 1024px\" \/><figcaption><strong>Jan Claus\u00e9n<\/strong>, projekt:<strong> 5G Radio Access N\u00e4t<\/strong>, Ericsson <\/figcaption><\/figure>\n\n\n\n<p> I h\u00f6st kommer \u00c5rets Projektledare att utses. Vinnaren kommer att presenteras p\u00e5 Projektn\u00e4ring den 15 November. <strong>Jan Claus\u00e9n<\/strong> \u00e4r en av finalisterna. Projektet som varade i 4 \u00e5r startade med kravdefinition och slutade med kommersiell lansering av ett 5G system till ett 30-tal kunder runt om i v\u00e4rlden. Projektet omfattade utveckling av b\u00e5de h\u00e5rdvara och mjukvara, utrullning och drifts\u00e4ttning.<\/p>\n\n\n\n<p>Projektet\nomfattade som mest ca 5000 personer och var spritt \u00f6ver 2 aff\u00e4rsomr\u00e5den och ett\ntio-tal st\u00f6rre produktutvecklingsenheter runtom i Europa, Nordamerika och\nAsien. Projektet genomf\u00f6rdes i n\u00e4ra samarbete med ca 10 kundenheter (Customer\nUnits) inom Ericsson samt kunder i 4 v\u00e4rldsdelar, Europa, Asien, Nordamerika\noch Australien. Produktionen f\u00f6rlades till 3 l\u00e4nder i Europa och Asien.<\/p>\n\n\n\n<p>Projektet\nlyckades \u00f6ver f\u00f6rv\u00e4ntan trots en mycket r\u00f6rlig kravbild, standardisering som\np\u00e5gick parallellt med utvecklingen, samt ett omoget ekosystem som de fick driva\nframf\u00f6r sig. I n\u00e4ra samarbete med sina nyckelkunder lyckades de lansera\nkommersiella n\u00e4t f\u00f6rst p\u00e5 respektive marknad, dessutom med den h\u00f6gsta\nprestandan. Ericsson ligger f\u00f6rst n\u00e4r det g\u00e4ller utrullning av 5G World Wide.<\/p>\n\n\n\n<p>En\nav de stora utmaningarna var att klara av de \u00e5terkommande kraven p\u00e5\naccelererade tidplaner, f\u00f6r\u00e4ndrat inneh\u00e5ll samt intensiva kunddialoger innefattande\ntre parallella l\u00f6sningar, samtidigt som det kr\u00e4vdes en sammanh\u00e5llen\nprioritering och systemering av gemensamma funktioner\/komponenter. F\u00f6r att\nkunna hantera detta skapades inom huvudprojektet en kombination av\nl\u00f6sningsprojekt som fokuserade p\u00e5 var sin l\u00f6sning samt en operativ teknisk och\nprogram\u00f6vergripande styrning.<\/p>\n\n\n\n<p>De\nlyckades p\u00e5 ett framg\u00e5ngsrikt s\u00e4tt facilitera ett samarbete tv\u00e4rs\norganisationer och l\u00e4nder f\u00f6r att p\u00e5 snabbast m\u00f6jliga s\u00e4tt kunna l\u00f6sa de\nproblem som uppst\u00e5r n\u00e4r man skall ta sig an det ok\u00e4nda. Samtidigt lyckades de p\u00e5\nett f\u00f6rtj\u00e4nstfullt s\u00e4tt samarbeta med aff\u00e4rsledning och kundorganisationer f\u00f6r\natt h\u00e5lla sig uppdaterade med de frekvent \u00e5terkommande f\u00f6r\u00e4ndringarna i\nkravbild och tidplaner. <\/p>\n\n\n\n<p>Jan\nhar ett engagerande och motiverande ledarskap med vilket han s\u00e5v\u00e4l definierar\nsom klarl\u00e4gger de \u00f6vergripande m\u00e5len. Ut\u00f6ver detta har han en stor vilja att ta\ntag i de fr\u00e5gor som faller mellan stolarna inom den gigantiska\nprojektorganisationen.<\/p>\n\n\n\n<p>Trots\nmycket r\u00f6riga f\u00f6ruts\u00e4ttningar, stora os\u00e4kerheter, m\u00e5nga tekniska utmaningar och\nen stark tidspress, lyckades de h\u00e5lla en god samtalston b\u00e5de inom projektet och\nmed linjeverksamheten. Dessutom visade projektmedlemmarna prov p\u00e5 mycket stor\nmotivation, uth\u00e5llighet och passion att n\u00e5 m\u00e5len.<\/p>\n","protected":false},"excerpt":{"rendered":"<p>I h\u00f6st kommer \u00c5rets Projektledare att utses. Vinnaren kommer att presenteras p\u00e5 Projektn\u00e4ring den 15 November. Jan Claus\u00e9n \u00e4r en av finalisterna. Projektet som varade i 4 \u00e5r startade med kravdefinition och slutade med kommersiell lansering av ett 5G system till ett 30-tal kunder runt om i v\u00e4rlden. Projektet omfattade utveckling av b\u00e5de h\u00e5rdvara och [&hellip;]<\/p>\n","protected":false},"author":11,"featured_media":4123,"comment_status":"closed","ping_status":"open","sticky":false,"template":"","format":"standard","meta":{"ngg_post_thumbnail":0},"categories":[1],"tags":[],"_links":{"self":[{"href":"https:\/\/www.projektakademien.se\/pa\/wp-json\/wp\/v2\/posts\/4122"}],"collection":[{"href":"https:\/\/www.projektakademien.se\/pa\/wp-json\/wp\/v2\/posts"}],"about":[{"href":"https:\/\/www.projektakademien.se\/pa\/wp-json\/wp\/v2\/types\/post"}],"author":[{"embeddable":true,"href":"https:\/\/www.projektakademien.se\/pa\/wp-json\/wp\/v2\/users\/11"}],"replies":[{"embeddable":true,"href":"https:\/\/www.projektakademien.se\/pa\/wp-json\/wp\/v2\/comments?post=4122"}],"version-history":[{"count":6,"href":"https:\/\/www.projektakademien.se\/pa\/wp-json\/wp\/v2\/posts\/4122\/revisions"}],"predecessor-version":[{"id":4139,"href":"https:\/\/www.projektakademien.se\/pa\/wp-json\/wp\/v2\/posts\/4122\/revisions\/4139"}],"wp:featuredmedia":[{"embeddable":true,"href":"https:\/\/www.projektakademien.se\/pa\/wp-json\/wp\/v2\/media\/4123"}],"wp:attachment":[{"href":"https:\/\/www.projektakademien.se\/pa\/wp-json\/wp\/v2\/media?parent=4122"}],"wp:term":[{"taxonomy":"category","embeddable":true,"href":"https:\/\/www.projektakademien.se\/pa\/wp-json\/wp\/v2\/categories?post=4122"},{"taxonomy":"post_tag","embeddable":true,"href":"https:\/\/www.projektakademien.se\/pa\/wp-json\/wp\/v2\/tags?post=4122"}],"curies":[{"name":"wp","href":"https:\/\/api.w.org\/{rel}","templated":true}]}}