{"id":4118,"date":"2019-10-14T16:34:39","date_gmt":"2019-10-14T15:34:39","guid":{"rendered":"http:\/\/www.projektakademien.se\/pa\/?p=4118"},"modified":"2019-10-14T16:38:00","modified_gmt":"2019-10-14T15:38:00","slug":"nominera-till-nasta-ars-uppsatspris","status":"publish","type":"post","link":"https:\/\/www.projektakademien.se\/pa\/nominera-till-nasta-ars-uppsatspris\/","title":{"rendered":"Nominera till n\u00e4sta \u00e5rs uppsatspris"},"content":{"rendered":"\n<p>Det \u00e4r nu m\u00f6jligt att nominera till n\u00e4sta \u00e5rs uppsatspris. <a href=\"http:\/\/www.projektakademien.se\/pa\/utmarkelser\/uppsatstavling\/om-uppsatstavlingen\/\">L\u00e4s mer.<\/a><\/p>\n","protected":false},"excerpt":{"rendered":"<p>Det \u00e4r nu m\u00f6jligt att nominera till n\u00e4sta \u00e5rs uppsatspris. L\u00e4s mer.<\/p>\n","protected":false},"author":11,"featured_media":3727,"comment_status":"closed","ping_status":"open","sticky":false,"template":"","format":"standard","meta":{"ngg_post_thumbnail":0},"categories":[1],"tags":[],"_links":{"self":[{"href":"https:\/\/www.projektakademien.se\/pa\/wp-json\/wp\/v2\/posts\/4118"}],"collection":[{"href":"https:\/\/www.projektakademien.se\/pa\/wp-json\/wp\/v2\/posts"}],"about":[{"href":"https:\/\/www.projektakademien.se\/pa\/wp-json\/wp\/v2\/types\/post"}],"author":[{"embeddable":true,"href":"https:\/\/www.projektakademien.se\/pa\/wp-json\/wp\/v2\/users\/11"}],"replies":[{"embeddable":true,"href":"https:\/\/www.projektakademien.se\/pa\/wp-json\/wp\/v2\/comments?post=4118"}],"version-history":[{"count":2,"href":"https:\/\/www.projektakademien.se\/pa\/wp-json\/wp\/v2\/posts\/4118\/revisions"}],"predecessor-version":[{"id":4120,"href":"https:\/\/www.projektakademien.se\/pa\/wp-json\/wp\/v2\/posts\/4118\/revisions\/4120"}],"wp:featuredmedia":[{"embeddable":true,"href":"https:\/\/www.projektakademien.se\/pa\/wp-json\/wp\/v2\/media\/3727"}],"wp:attachment":[{"href":"https:\/\/www.projektakademien.se\/pa\/wp-json\/wp\/v2\/media?parent=4118"}],"wp:term":[{"taxonomy":"category","embeddable":true,"href":"https:\/\/www.projektakademien.se\/pa\/wp-json\/wp\/v2\/categories?post=4118"},{"taxonomy":"post_tag","embeddable":true,"href":"https:\/\/www.projektakademien.se\/pa\/wp-json\/wp\/v2\/tags?post=4118"}],"curies":[{"name":"wp","href":"https:\/\/api.w.org\/{rel}","templated":true}]}}